{"id":181,"date":"2015-10-06T15:48:27","date_gmt":"2015-10-06T15:48:27","guid":{"rendered":"http:\/\/limongi.adv.br\/main\/?p=181"},"modified":"2016-11-23T17:22:18","modified_gmt":"2016-11-23T17:22:18","slug":"celso-limongi-e-homenageado-na-oabsp-subsecao-da-lapa","status":"publish","type":"post","link":"http:\/\/limongi.adv.br\/main\/midia\/celso-limongi-e-homenageado-na-oabsp-subsecao-da-lapa","title":{"rendered":"Celso Limongi \u00e9 homenageado na OAB\/SP Subse\u00e7\u00e3o da Lapa"},"content":{"rendered":"<figure id=\"attachment_182\" aria-describedby=\"caption-attachment-182\" style=\"width: 300px\" class=\"wp-caption alignleft\"><a href=\"http:\/\/limongi.adv.br\/main\/wp-content\/uploads\/Foto-Homenagem-Celso-Limongi-OAB-Subse\u00e7\u00e3o-Lapa-211015-com-o-Presidente-Pedro-Napolitano1.png\"><img loading=\"lazy\" class=\"size-medium wp-image-182\" src=\"http:\/\/limongi.adv.br\/main\/wp-content\/uploads\/Foto-Homenagem-Celso-Limongi-OAB-Subse\u00e7\u00e3o-Lapa-211015-com-o-Presidente-Pedro-Napolitano1-300x204.png\" alt=\"Pedro Napolitano, presidente da Subse\u00e7\u00e3o da Lapa e Celso Limongi, no \u00faltimo dia 21 de outubro de 2015\" width=\"300\" height=\"204\" srcset=\"http:\/\/limongi.adv.br\/main\/wp-content\/uploads\/Foto-Homenagem-Celso-Limongi-OAB-Subse\u00e7\u00e3o-Lapa-211015-com-o-Presidente-Pedro-Napolitano1-300x204.png 300w, http:\/\/limongi.adv.br\/main\/wp-content\/uploads\/Foto-Homenagem-Celso-Limongi-OAB-Subse\u00e7\u00e3o-Lapa-211015-com-o-Presidente-Pedro-Napolitano1-768x521.png 768w, http:\/\/limongi.adv.br\/main\/wp-content\/uploads\/Foto-Homenagem-Celso-Limongi-OAB-Subse\u00e7\u00e3o-Lapa-211015-com-o-Presidente-Pedro-Napolitano1.png 816w\" sizes=\"(max-width: 300px) 100vw, 300px\" \/><\/a><figcaption id=\"caption-attachment-182\" class=\"wp-caption-text\">Pedro Napolitano, presidente da Subse\u00e7\u00e3o da Lapa e Celso Limongi, no \u00faltimo dia 21 de outubro de 2015<\/figcaption><\/figure>\n<p>Usando da palavra, Limongi disse, em s\u00edntese, que o clima no Brasil passou a ser de medo, \u00f3dio e intoler\u00e2ncia, relativa a op\u00e7\u00f5es de g\u00eanero, ra\u00e7a, religi\u00e3o, partidos pol\u00edticos, a\u00e7ulado pelas redes sociais absolutamente livres para manifestar levianamente suas opini\u00f5es e cr\u00edticas, e por jornalistas que s\u00e3o verdadeiros terroristas sociais, pois agravam esse clima. Por isso, os profissionais do direito, advogados, ju\u00edzes, promotores de Justi\u00e7a, e a pr\u00f3pria sociedade devem manter-se unidos, na defesa do Estado Social e Democr\u00e1tico de Direito, para vigiar e cultivar uma democracia formal e material.<\/p>\n","protected":false},"excerpt":{"rendered":"<p>Usando da palavra, Limongi disse, em s\u00edntese, que o clima no Brasil passou a ser de medo, \u00f3dio e intoler\u00e2ncia, relativa a op\u00e7\u00f5es de g\u00eanero, ra\u00e7a, religi\u00e3o, partidos pol\u00edticos, a\u00e7ulado pelas redes sociais absolutamente livres para manifestar levianamente suas opini\u00f5es&hellip;<\/p>\n","protected":false},"author":1,"featured_media":182,"comment_status":"closed","ping_status":"open","sticky":false,"template":"","format":"standard","meta":[],"categories":[4],"tags":[],"post_series":[],"_links":{"self":[{"href":"http:\/\/limongi.adv.br\/main\/wp-json\/wp\/v2\/posts\/181"}],"collection":[{"href":"http:\/\/limongi.adv.br\/main\/wp-json\/wp\/v2\/posts"}],"about":[{"href":"http:\/\/limongi.adv.br\/main\/wp-json\/wp\/v2\/types\/post"}],"author":[{"embeddable":true,"href":"http:\/\/limongi.adv.br\/main\/wp-json\/wp\/v2\/users\/1"}],"replies":[{"embeddable":true,"href":"http:\/\/limongi.adv.br\/main\/wp-json\/wp\/v2\/comments?post=181"}],"version-history":[{"count":3,"href":"http:\/\/limongi.adv.br\/main\/wp-json\/wp\/v2\/posts\/181\/revisions"}],"predecessor-version":[{"id":185,"href":"http:\/\/limongi.adv.br\/main\/wp-json\/wp\/v2\/posts\/181\/revisions\/185"}],"wp:featuredmedia":[{"embeddable":true,"href":"http:\/\/limongi.adv.br\/main\/wp-json\/wp\/v2\/media\/182"}],"wp:attachment":[{"href":"http:\/\/limongi.adv.br\/main\/wp-json\/wp\/v2\/media?parent=181"}],"wp:term":[{"taxonomy":"category","embeddable":true,"href":"http:\/\/limongi.adv.br\/main\/wp-json\/wp\/v2\/categories?post=181"},{"taxonomy":"post_tag","embeddable":true,"href":"http:\/\/limongi.adv.br\/main\/wp-json\/wp\/v2\/tags?post=181"},{"taxonomy":"post_series","embeddable":true,"href":"http:\/\/limongi.adv.br\/main\/wp-json\/wp\/v2\/post_series?post=181"}],"curies":[{"name":"wp","href":"https:\/\/api.w.org\/{rel}","templated":true}]}}